{"id":1974,"date":"2025-08-26T08:33:01","date_gmt":"2025-08-26T06:33:01","guid":{"rendered":"https:\/\/kkraj.pttk.pl\/?p=1974"},"modified":"2025-08-26T09:43:24","modified_gmt":"2025-08-26T07:43:24","slug":"iii-transportowa-sesja-krajoznawcza","status":"publish","type":"post","link":"https:\/\/kkraj.pttk.pl\/index.php\/2025\/08\/26\/iii-transportowa-sesja-krajoznawcza\/","title":{"rendered":"III Transportowa Sesja Krajoznawcza"},"content":{"rendered":"<p style=\"text-align: center;\"><strong>Oddzia\u0142 Miejski PTTK im. Aleksandra Janowskiego w Lublinie<\/strong><br \/>\n<strong>Komisja Krajoznawcza Zarz\u0105du G\u0142\u00f3wnego PTTK<\/strong><\/p>\n<p style=\"text-align: center;\">Zaprasza do udzia\u0142u w<\/p>\n<p style=\"text-align: center;\"><strong>III Transportowa Sesja Krajoznawcza<\/strong><br \/>\n17-19 pa\u017adziernika 2025 r. Lublin<\/p>\n<p>Koszt uczestnictwa: &#8211; dla Instruktor\u00f3w Krajoznawstwa PTTK \u2013 660 z\u0142<br \/>\n&#8211; dla pozosta\u0142ych cz\u0142onk\u00f3w PTTK \u2013 700 z\u0142<br \/>\n\u015awiadczenia: 2 noclegi (pokoje 1,2,3 osobowe z \u0142azienkami), 2 \u015bniadania (18 i 19.10), 1 obiad (19.10), 2 obiadokolacje (17 i 18.10), kie\u0142baska na ognisko, materia\u0142y krajoznawcze i okoliczno\u015bciowe, bilety wst\u0119p\u00f3w, odcisk piecz\u0119ci, transport, obs\u0142uga przewodnicka.<br \/>\nZg\u0142oszenia: na do\u0142\u0105czonej \u201eKarcie zg\u0142oszenia\u201d wraz z kserokopi\u0105\/skanem dowodu wp\u0142aty prosimy przes\u0142a\u0107 do dnia 15 wrze\u015bnia 2025 r. poczt\u0105 elektroniczn\u0105 na adres pttklublin@wp.pl<br \/>\nWp\u0142at nale\u017cy dokona\u0107 na konto: Oddzia\u0142 Miejski PTTK w Lublinie, Rynek 8, 20-111 Lublin nr 38 1240 2382 1111 0000 3895 8430 z dopiskiem \u201e TSK-2025 &#8211; imi\u0119 i nazwisko wp\u0142acaj\u0105cego\u201d.<br \/>\nDodatkowe informacje:<br \/>\n&#8211; liczba uczestnik\u00f3w jest ograniczona, obowi\u0105zuje kolejno\u015b\u0107 zg\u0142osze\u0144,<br \/>\n&#8211; ubezpieczenie uczestnik\u00f3w na zasadach PTTK (op\u0142acona sk\u0142adka cz\u0142onkowska PTTK),<br \/>\n&#8211; organizatorzy zastrzegaj\u0105 sobie mo\u017cliwo\u015b\u0107 zmiany programu,<br \/>\n&#8211; rezygnacja z uczestnictwa, ze zwrotem wp\u0142aconej kwoty do dnia 20.09.2025 r.<br \/>\n&#8211; potwierdzenie uczestnictwa zostanie przes\u0142ane na adres e-mail podany w karcie zg\u0142oszenia do dnia 23 wrze\u015bnia 2025 r.<br \/>\n&#8211; poranne wycieczki w dniu 17.10 odb\u0119d\u0105 si\u0119 przy min. 5 uczestnikach na wycieczk\u0119 piesz\u0105 i rowerow\u0105 i 6 na sp\u0142yw kajakowy; ewentualna nadp\u0142ata zostanie zwr\u00f3cona do 30 wrze\u015bnia 2025 r.<br \/>\nAdres zakwaterowania: Hotel \u201eFocus\u201d, Al. Kra\u015bnicka 80. 20-718 Lublin, parking bezp\u0142atny. Sugerowany dojazd z Dworca Metropolitalnego (PKP Lublin G\u0142\u00f3wny, PKS) trolejbusy: 151, 161 do przystanku Poczekajka 01. Szczeg\u00f3\u0142owy rozk\u0142ad jazdy na stronie www.mpk.lublin.pl<br \/>\nKomitet organizacyjny: Andrzej Wasilewski, Katarzyna Komisarczuk, Wojciech Kowalski, Adam Krzysiek, Beata Maciejewska \u2013 Musur, Rados\u0142aw Sku\u0142a, Anna Tym, Wies\u0142aw Wi\u0105cek.<br \/>\nKomandor: Halina Byczek \u2013 Krasucka, tel. 660 468 630, hbk1@wp.pl<br \/>\nKierownik Biura: Katarzyna Komisarczuk, tel. 81 532 49 42<\/p>\n<p><strong>PROGRAM<\/strong><br \/>\n<strong>17.10<\/strong><br \/>\n(8.30-12.30) Program wst\u0119pny &#8211; transport indywidualny ok. 3 h &#8211; opcjonalnie: przej\u015bcie piesze wok\u00f3\u0142 Zalewu Zemborzyckiego (ok. 10 km), sp\u0142yw Bystrzyc\u0105 od Prawiednik do przystani na Zalewie (7 km) lub wycieczka rowerowa w tej okolicy. Przejazd w obie strony z i do hotelu transportem zbiorowym. Obiad<br \/>\n14.30 Rozpocz\u0119cie Sesji w sali konferencyjnej hotelu. Wyk\u0142ad \u201eLubelski Zintegrowany System Komunikacyjny Lublina\u201d oraz \u201eTrolejbusy jako \u015brodek transportu. Historia linii trolejbusowych w Lublinie\u201d.<br \/>\n16.00 Wyjazd. Zwiedzanie Muzeum Starych Samochod\u00f3w (Muzeum Motoryzacji \u2013 Jaro Retro Auto Classic Garage) przy ul. Kasprowicza 32. Zwiedzanie Parowozowni (45 lat od strajk\u00f3w lubelskich) i Dworca Metropolitalnego Lublin.<br \/>\n20.15 Obiadokolacja integracyjna.<br \/>\n<strong>18.10<\/strong><br \/>\n8.00 Przejazd autokarem do D\u0119blina \u2013 \u201eHistoria i tradycje D\u0119bli\u0144skiej Szko\u0142y Orl\u0105t oraz wsp\u00f3\u0142czesne formy i metody szkolenia w nowoczesnej infrastrukturze\u201d.<br \/>\n9.30-14.30 zwiedzanie Lotniczej Akademii Wojskowej, zwiedzanie 41 Bazy Lotnictwa Cywilnego (domek pilota, wie\u017ca, symulatory), zwiedzanie Centrum Szkolenia In\u017cynieryjno \u2013 Lotniczego (hangar techniczny), zwiedzanie Muzeum Si\u0142 Powietrznych.<br \/>\n14.30-16.00 Przejazd do Pu\u0142aw &#8211; zwiedzanie Muzeum Bada\u0144 Polarnych \u2013 \u201eTransport w warunkach polarnych\u201d, wyk\u0142ad polarnika Karoliny M\u0119drek \u2013 \u201e\u017bycie i praca na stacji polarnej\u201d.<br \/>\n16.30-20.15 Przejazd do Karczmisk -zwiedzanie Muzeum Nadwi\u015bla\u0144skiej Kolejki W\u0105skotorowej. Wyk\u0142ad \u201eKolejki w\u0105skotorowe w s\u0142u\u017cbie przemys\u0142u cukrowniczego na Lubelszczy\u017anie\u201d, przejazd drezynami (kolejk\u0105 w\u0105skotorow\u0105 w razie niepogody) z Karczmisk do Polan\u00f3wki (7 km; tu ognisko i I cz\u0119\u015b\u0107 Konkursu Piosenek o Transporcie) i z powrotem do Karczmisk<br \/>\n21.00 obiadokolacja i II cz\u0119\u015b\u0107 Konkursu Piosenek o Transporcie.<br \/>\n<strong>19.10<\/strong><br \/>\n8.30-10.15 Przejazd do hangaru dawnej fabryki Plage\u2019go i La\u015bkiewicza, wyk\u0142ad cz\u0142onk\u00f3w Fundacji Lotniczy Lublin \u201ePierwsze samoloty budowane w Polsce w latach mi\u0119dzywojennych\u201d. Prezentacja modeli i wystawy. Stan prac nad inicjatyw\u0105 budowy repliki samolotu Lublin R13.<br \/>\n10-15-12.45 Przejazd do \u015awidnika na lotnisko, zwiedzanie Lotniska Lublin. Wyk\u0142ad \u201eMa\u0142e lotniska w Polsce i ich znaczenie dla komunikacji\u201d .<br \/>\n12.45 \u2013 13.15 Przejazd do hotelu (po drodze informacje o PZL \u015awidnik).<br \/>\n13.15-13.30 Zako\u0144czenie sesji. Obiad.<\/p>\n<p>&nbsp;<\/p>\n<p>&nbsp;<\/p>\n\n\n<div class=\"wp-block-buttons is-layout-flex wp-block-buttons-is-layout-flex\">\n<div class=\"wp-block-button\"><a class=\"wp-block-button__link has-text-align-center wp-element-button\" href=\"https:\/\/photos.app.goo.gl\/ui4Zmgwb9LzJkGfSA\">Regulamin i Karta Zg\u0142oszenia &#8211; pobierz<\/a><\/div>\n<\/div>\n\n\n\n<p><\/p>\n","protected":false},"excerpt":{"rendered":"<p>Oddzia\u0142 Miejski PTTK im. Aleksandra Janowskiego w Lublinie Komisja Krajoznawcza Zarz\u0105du G\u0142\u00f3wnego PTTK Zaprasza do udzia\u0142u w III Transportowa Sesja Krajoznawcza 17-19 pa\u017adziernika 2025 r. Lublin Koszt uczestnictwa: &#8211; dla Instruktor\u00f3w Krajoznawstwa PTTK \u2013 660 z\u0142 &#8211; dla pozosta\u0142ych cz\u0142onk\u00f3w PTTK \u2013 700 z\u0142 \u015awiadczenia: 2 noclegi (pokoje 1,2,3 osobowe z \u0142azienkami), 2 \u015bniadania (18 [&hellip;]<\/p>\n","protected":false},"author":1,"featured_media":1597,"comment_status":"closed","ping_status":"closed","sticky":false,"template":"","format":"standard","meta":{"footnotes":""},"categories":[55],"tags":[],"class_list":["post-1974","post","type-post","status-publish","format-standard","has-post-thumbnail","hentry","category-aktualnosci"],"_links":{"self":[{"href":"https:\/\/kkraj.pttk.pl\/index.php\/wp-json\/wp\/v2\/posts\/1974","targetHints":{"allow":["GET"]}}],"collection":[{"href":"https:\/\/kkraj.pttk.pl\/index.php\/wp-json\/wp\/v2\/posts"}],"about":[{"href":"https:\/\/kkraj.pttk.pl\/index.php\/wp-json\/wp\/v2\/types\/post"}],"author":[{"embeddable":true,"href":"https:\/\/kkraj.pttk.pl\/index.php\/wp-json\/wp\/v2\/users\/1"}],"replies":[{"embeddable":true,"href":"https:\/\/kkraj.pttk.pl\/index.php\/wp-json\/wp\/v2\/comments?post=1974"}],"version-history":[{"count":4,"href":"https:\/\/kkraj.pttk.pl\/index.php\/wp-json\/wp\/v2\/posts\/1974\/revisions"}],"predecessor-version":[{"id":1978,"href":"https:\/\/kkraj.pttk.pl\/index.php\/wp-json\/wp\/v2\/posts\/1974\/revisions\/1978"}],"wp:featuredmedia":[{"embeddable":true,"href":"https:\/\/kkraj.pttk.pl\/index.php\/wp-json\/wp\/v2\/media\/1597"}],"wp:attachment":[{"href":"https:\/\/kkraj.pttk.pl\/index.php\/wp-json\/wp\/v2\/media?parent=1974"}],"wp:term":[{"taxonomy":"category","embeddable":true,"href":"https:\/\/kkraj.pttk.pl\/index.php\/wp-json\/wp\/v2\/categories?post=1974"},{"taxonomy":"post_tag","embeddable":true,"href":"https:\/\/kkraj.pttk.pl\/index.php\/wp-json\/wp\/v2\/tags?post=1974"}],"curies":[{"name":"wp","href":"https:\/\/api.w.org\/{rel}","templated":true}]}}